{"id":46,"date":"2012-05-20T14:16:40","date_gmt":"2012-05-20T12:16:40","guid":{"rendered":"http:\/\/www.brainbuzzmedia.com\/themes\/amplify\/download\/?p=46"},"modified":"2013-02-11T11:30:40","modified_gmt":"2013-02-11T10:30:40","slug":"verwaltungsrat-im-kmu","status":"publish","type":"post","link":"https:\/\/akredo.ch\/wordpress\/verwaltungsrat-im-kmu\/46\/","title":{"rendered":"Der Verwaltungsrat im KMU"},"content":{"rendered":"<p>[dropcapcircle]M[\/dropcapcircle]it der Versch\u00e4rfung der Gesetze kommt dem Verwaltungsrat immer gr\u00f6ssere Bedeutung zu.<br \/>\nAls oberstes Exekutiv-Organ einer Gesellschaft, dem die F\u00fchrung der Gesch\u00e4fte einer Aktiengesellschaft nach Schweizer Recht obliegt, hat der <a title=\"Verwaltungsrat in der Schwiez\" href=\"http:\/\/de.wikipedia.org\/wiki\/Verwaltungsrat_(Schweiz)\" target=\"_blank\">Verwaltungsrat<\/a> einige un\u00fcbertragbare und unentziehbare Aufgaben (Art. 716a, Abs OR).<!--morelesen Sie mehr--><\/p>\n<p>[dropcapcircle]<strong>U[\/dropcapcircle]n\u00fcbertragbare Aufgaben des Verwaltungsrat sind:<\/strong><br \/>\n1. die Oberleitung der Gesellschaft und die Erteilung der n\u00f6tigen Weisungen; 2. die Festlegung der Organisation; 3. die Ausgestaltung des Rechnungswesens, der Finanzkontrolle sowie der Finanzplanung, sofern diese f\u00fcr die F\u00fchrung der Gesellschaft notwendig ist; 4. die Ernennung und Abberufung der mit der Gesch\u00e4ftsf\u00fchrung und der Vertretung betrauten Personen; 5. die Oberaufsicht \u00fcber die mit der Gesch\u00e4ftsf\u00fchrung betrauten Personen, namentlich im Hinblick auf die Befolgung der Gesetze, Statuten, Reglemente und Weisungen; 6. die Erstellung des Gesch\u00e4ftsberichts sowie die Vorbereitung der Generalversammlung und die Ausf\u00fchrung ihrer Beschl\u00fcsse; 6. die Benachrichtigung des Richters im Fall der \u00dcberschuldung.<\/p>\n<p><strong>[dropcapcircle]Z[\/dropcapcircle]usammensetzung des Verwaltungsrat<\/strong><br \/>\nDie Zusammensetzung des Verwaltungsrats ist ein \u00e4usserst wichtiges Faktum, dem gr\u00f6sste Aufmersamkeit gewidmet werden sollte. F\u00fcr jeden einzelnen Bereich sollten Fachkr\u00e4fte mit den richtigen Kompetenzen gefunden werden, welche mit ihrem Wissen und ihrer Erfahrung die Unternehmung weiterbringen k\u00f6nnen. Sie k\u00f6nnen damit als Coach der Gesch\u00e4ftsleitung agieren und diese unterst\u00fctzen.<br \/>\nDas bedeutet, dass im Verwaltungsrat Personen vorhanden sein sollten welche aus dem eigentlichen Fachgebiet kommen in welcher sich die Unternehmmung bewegt, es sollten Kompetenzen im Bereich der Finanzen, des Marketing\/Verkaufs, wenn m\u00f6glich des Rechts vorhanden sein.<\/p>\n<p><strong>[dropcapcircle]V[\/dropcapcircle]ertrauen ist gut, Kontrolle ist besser, die Verwaltungsratssitzung<\/strong><br \/>\nEin gest\u00f6rtes Vertrauensverh\u00e4ltnis zwischen dem Verwaltungsrat und der Gesch\u00e4ftsleitung kann grosse Probleme hervorrufen. Aber auch wenn ein Vertrauensverh\u00e4ltnis vorhanden ist, steht der Verwaltungsrat in der Pflicht, die Aufsicht wahrnehmen. Er darf sich nicht von sch\u00f6nen Pr\u00e4sentationen t\u00e4uschen lassen, sondern sollte auch mitdenken und kritisch hinterfragen. Eine gute Vorbereitung auf die Verwaltungsratssitzung ist Pflicht.<\/p>\n<p><strong><a href=\"http:\/\/www.kmu-verwaltungsrat.blogspot.ch\/\" target=\"_blank\">Lesen Sie unseren Blog zum Thema Verwaltungsrat<\/a><\/strong><\/p>\n","protected":false},"excerpt":{"rendered":"<p>[dropcapcircle]M[\/dropcapcircle]it der Versch\u00e4rfung der Gesetze kommt dem Verwaltungsrat immer gr\u00f6ssere Bedeutung zu. Als oberstes Exekutiv-Organ einer Gesellschaft, dem die F\u00fchrung&hellip;<\/p>\n","protected":false},"author":1,"featured_media":0,"comment_status":"open","ping_status":"closed","sticky":false,"template":"","format":"standard","meta":{"footnotes":""},"categories":[5],"tags":[55,29,53,54,56],"yoast_head":"<!-- This site is optimized with the Yoast SEO plugin v22.7 - https:\/\/yoast.com\/wordpress\/plugins\/seo\/ -->\n<title>Der Verwaltungsrat im Schweizer KMU<\/title>\n<meta name=\"description\" content=\"Die Wichtigkeit und Verantwortung eines Verwaltungsrat im Schweizer KMU.\" \/>\n<meta name=\"robots\" content=\"index, follow, max-snippet:-1, max-image-preview:large, max-video-preview:-1\" \/>\n<link rel=\"canonical\" href=\"https:\/\/akredo.ch\/wordpress\/verwaltungsrat-im-kmu\/46\/\" \/>\n<meta property=\"og:locale\" content=\"de_DE\" \/>\n<meta property=\"og:type\" content=\"article\" \/>\n<meta property=\"og:title\" content=\"Der Verwaltungsrat im Schweizer KMU\" \/>\n<meta property=\"og:description\" content=\"Die Wichtigkeit und Verantwortung eines Verwaltungsrat im Schweizer KMU.\" \/>\n<meta property=\"og:url\" content=\"https:\/\/akredo.ch\/wordpress\/verwaltungsrat-im-kmu\/46\/\" \/>\n<meta property=\"og:site_name\" content=\"akredo\" \/>\n<meta property=\"article:publisher\" content=\"https:\/\/www.facebook.com\/starkpartner\/\" \/>\n<meta property=\"article:published_time\" content=\"2012-05-20T12:16:40+00:00\" \/>\n<meta property=\"article:modified_time\" content=\"2013-02-11T10:30:40+00:00\" \/>\n<meta name=\"author\" content=\"wp-akredo\" \/>\n<meta name=\"twitter:card\" content=\"summary_large_image\" \/>\n<meta name=\"twitter:creator\" content=\"@akredo\" \/>\n<meta name=\"twitter:site\" content=\"@stark_partner\" \/>\n<meta name=\"twitter:label1\" content=\"Verfasst von\" \/>\n\t<meta name=\"twitter:data1\" content=\"wp-akredo\" \/>\n\t<meta name=\"twitter:label2\" content=\"Gesch\u00e4tzte Lesezeit\" \/>\n\t<meta name=\"twitter:data2\" content=\"2\u00a0Minuten\" \/>\n<script type=\"application\/ld+json\" class=\"yoast-schema-graph\">{\"@context\":\"https:\/\/schema.org\",\"@graph\":[{\"@type\":\"WebPage\",\"@id\":\"https:\/\/akredo.ch\/wordpress\/verwaltungsrat-im-kmu\/46\/\",\"url\":\"https:\/\/akredo.ch\/wordpress\/verwaltungsrat-im-kmu\/46\/\",\"name\":\"Der Verwaltungsrat im Schweizer KMU\",\"isPartOf\":{\"@id\":\"https:\/\/akredo.ch\/wordpress\/#website\"},\"datePublished\":\"2012-05-20T12:16:40+00:00\",\"dateModified\":\"2013-02-11T10:30:40+00:00\",\"author\":{\"@id\":\"https:\/\/akredo.ch\/wordpress\/#\/schema\/person\/4ee878395d21a227afb040ed30b4eeb4\"},\"description\":\"Die Wichtigkeit und Verantwortung eines Verwaltungsrat im Schweizer KMU.\",\"breadcrumb\":{\"@id\":\"https:\/\/akredo.ch\/wordpress\/verwaltungsrat-im-kmu\/46\/#breadcrumb\"},\"inLanguage\":\"de\",\"potentialAction\":[{\"@type\":\"ReadAction\",\"target\":[\"https:\/\/akredo.ch\/wordpress\/verwaltungsrat-im-kmu\/46\/\"]}]},{\"@type\":\"BreadcrumbList\",\"@id\":\"https:\/\/akredo.ch\/wordpress\/verwaltungsrat-im-kmu\/46\/#breadcrumb\",\"itemListElement\":[{\"@type\":\"ListItem\",\"position\":1,\"name\":\"Home\",\"item\":\"https:\/\/akredo.ch\/wordpress\/\"},{\"@type\":\"ListItem\",\"position\":2,\"name\":\"Der Verwaltungsrat im KMU\"}]},{\"@type\":\"WebSite\",\"@id\":\"https:\/\/akredo.ch\/wordpress\/#website\",\"url\":\"https:\/\/akredo.ch\/wordpress\/\",\"name\":\"akredo\",\"description\":\" Wir haben unsere Aktivit\u00e4ten in die Firma Stark Partner \u00fcbernommen. Wir posten aktuelle Beitr\u00e4ge auf dieser Webseite.\",\"potentialAction\":[{\"@type\":\"SearchAction\",\"target\":{\"@type\":\"EntryPoint\",\"urlTemplate\":\"https:\/\/akredo.ch\/wordpress\/?s={search_term_string}\"},\"query-input\":\"required name=search_term_string\"}],\"inLanguage\":\"de\"},{\"@type\":\"Person\",\"@id\":\"https:\/\/akredo.ch\/wordpress\/#\/schema\/person\/4ee878395d21a227afb040ed30b4eeb4\",\"name\":\"wp-akredo\",\"image\":{\"@type\":\"ImageObject\",\"inLanguage\":\"de\",\"@id\":\"https:\/\/akredo.ch\/wordpress\/#\/schema\/person\/image\/\",\"url\":\"https:\/\/secure.gravatar.com\/avatar\/ba58bfe6a554c7d60f64af54e9a3d606?s=96&d=mm&r=g\",\"contentUrl\":\"https:\/\/secure.gravatar.com\/avatar\/ba58bfe6a554c7d60f64af54e9a3d606?s=96&d=mm&r=g\",\"caption\":\"wp-akredo\"},\"sameAs\":[\"http:\/\/www.akredo.ch\",\"https:\/\/x.com\/akredo\"]}]}<\/script>\n<!-- \/ Yoast SEO plugin. -->","yoast_head_json":{"title":"Der Verwaltungsrat im Schweizer KMU","description":"Die Wichtigkeit und Verantwortung eines Verwaltungsrat im Schweizer KMU.","robots":{"index":"index","follow":"follow","max-snippet":"max-snippet:-1","max-image-preview":"max-image-preview:large","max-video-preview":"max-video-preview:-1"},"canonical":"https:\/\/akredo.ch\/wordpress\/verwaltungsrat-im-kmu\/46\/","og_locale":"de_DE","og_type":"article","og_title":"Der Verwaltungsrat im Schweizer KMU","og_description":"Die Wichtigkeit und Verantwortung eines Verwaltungsrat im Schweizer KMU.","og_url":"https:\/\/akredo.ch\/wordpress\/verwaltungsrat-im-kmu\/46\/","og_site_name":"akredo","article_publisher":"https:\/\/www.facebook.com\/starkpartner\/","article_published_time":"2012-05-20T12:16:40+00:00","article_modified_time":"2013-02-11T10:30:40+00:00","author":"wp-akredo","twitter_card":"summary_large_image","twitter_creator":"@akredo","twitter_site":"@stark_partner","twitter_misc":{"Verfasst von":"wp-akredo","Gesch\u00e4tzte Lesezeit":"2\u00a0Minuten"},"schema":{"@context":"https:\/\/schema.org","@graph":[{"@type":"WebPage","@id":"https:\/\/akredo.ch\/wordpress\/verwaltungsrat-im-kmu\/46\/","url":"https:\/\/akredo.ch\/wordpress\/verwaltungsrat-im-kmu\/46\/","name":"Der Verwaltungsrat im Schweizer KMU","isPartOf":{"@id":"https:\/\/akredo.ch\/wordpress\/#website"},"datePublished":"2012-05-20T12:16:40+00:00","dateModified":"2013-02-11T10:30:40+00:00","author":{"@id":"https:\/\/akredo.ch\/wordpress\/#\/schema\/person\/4ee878395d21a227afb040ed30b4eeb4"},"description":"Die Wichtigkeit und Verantwortung eines Verwaltungsrat im Schweizer KMU.","breadcrumb":{"@id":"https:\/\/akredo.ch\/wordpress\/verwaltungsrat-im-kmu\/46\/#breadcrumb"},"inLanguage":"de","potentialAction":[{"@type":"ReadAction","target":["https:\/\/akredo.ch\/wordpress\/verwaltungsrat-im-kmu\/46\/"]}]},{"@type":"BreadcrumbList","@id":"https:\/\/akredo.ch\/wordpress\/verwaltungsrat-im-kmu\/46\/#breadcrumb","itemListElement":[{"@type":"ListItem","position":1,"name":"Home","item":"https:\/\/akredo.ch\/wordpress\/"},{"@type":"ListItem","position":2,"name":"Der Verwaltungsrat im KMU"}]},{"@type":"WebSite","@id":"https:\/\/akredo.ch\/wordpress\/#website","url":"https:\/\/akredo.ch\/wordpress\/","name":"akredo","description":" Wir haben unsere Aktivit\u00e4ten in die Firma Stark Partner \u00fcbernommen. Wir posten aktuelle Beitr\u00e4ge auf dieser Webseite.","potentialAction":[{"@type":"SearchAction","target":{"@type":"EntryPoint","urlTemplate":"https:\/\/akredo.ch\/wordpress\/?s={search_term_string}"},"query-input":"required name=search_term_string"}],"inLanguage":"de"},{"@type":"Person","@id":"https:\/\/akredo.ch\/wordpress\/#\/schema\/person\/4ee878395d21a227afb040ed30b4eeb4","name":"wp-akredo","image":{"@type":"ImageObject","inLanguage":"de","@id":"https:\/\/akredo.ch\/wordpress\/#\/schema\/person\/image\/","url":"https:\/\/secure.gravatar.com\/avatar\/ba58bfe6a554c7d60f64af54e9a3d606?s=96&d=mm&r=g","contentUrl":"https:\/\/secure.gravatar.com\/avatar\/ba58bfe6a554c7d60f64af54e9a3d606?s=96&d=mm&r=g","caption":"wp-akredo"},"sameAs":["http:\/\/www.akredo.ch","https:\/\/x.com\/akredo"]}]}},"_links":{"self":[{"href":"https:\/\/akredo.ch\/wordpress\/wp-json\/wp\/v2\/posts\/46"}],"collection":[{"href":"https:\/\/akredo.ch\/wordpress\/wp-json\/wp\/v2\/posts"}],"about":[{"href":"https:\/\/akredo.ch\/wordpress\/wp-json\/wp\/v2\/types\/post"}],"author":[{"embeddable":true,"href":"https:\/\/akredo.ch\/wordpress\/wp-json\/wp\/v2\/users\/1"}],"replies":[{"embeddable":true,"href":"https:\/\/akredo.ch\/wordpress\/wp-json\/wp\/v2\/comments?post=46"}],"version-history":[{"count":7,"href":"https:\/\/akredo.ch\/wordpress\/wp-json\/wp\/v2\/posts\/46\/revisions"}],"predecessor-version":[{"id":799,"href":"https:\/\/akredo.ch\/wordpress\/wp-json\/wp\/v2\/posts\/46\/revisions\/799"}],"wp:attachment":[{"href":"https:\/\/akredo.ch\/wordpress\/wp-json\/wp\/v2\/media?parent=46"}],"wp:term":[{"taxonomy":"category","embeddable":true,"href":"https:\/\/akredo.ch\/wordpress\/wp-json\/wp\/v2\/categories?post=46"},{"taxonomy":"post_tag","embeddable":true,"href":"https:\/\/akredo.ch\/wordpress\/wp-json\/wp\/v2\/tags?post=46"}],"curies":[{"name":"wp","href":"https:\/\/api.w.org\/{rel}","templated":true}]}}