{"id":938,"date":"2013-02-11T12:13:50","date_gmt":"2013-02-11T11:13:50","guid":{"rendered":"http:\/\/akredo.ch\/?p=938"},"modified":"2013-02-28T17:56:50","modified_gmt":"2013-02-28T16:56:50","slug":"verwaltungsrat","status":"publish","type":"post","link":"https:\/\/akredo.ch\/wordpress\/verwaltungsrat\/938\/","title":{"rendered":"Verwaltungsrat"},"content":{"rendered":"<h2>Erfahrener Verwaltungsrat und ausgewiesene F\u00fchrungskraft \u00fcbernimmt ausgew\u00e4hlte Mandate.<\/h2>\n<p>Die anspruchsvolle Aufgabe eines <a href=\"https:\/\/akredo.ch\/wordpress\/verwaltungsrat-im-kmu\/46\/\" title=\"Der Verwaltungsrat im KMU\" target=\"_blank\">Verwaltungsrat<\/a>, als strategisches Organ, Aufsichtsorgan und Gestaltungsorgan einer Unternehmung, nehmen wir sehr ernst. Speziell kleinere und mittlere Unternehmungen (KMU) k\u00f6nnen mit einem gut zusammengesetzten VR fehlende Kompetenzen und F\u00e4higkeiten kompensieren und damit ihr F\u00fchrungsgremium erheblich st\u00e4rken.<br \/>\nUnser Gesch\u00e4ftsf\u00fchrer Herr Beat Stark \u00fcbernimmt Mandate und bringt sich aktiv als Bindeglied zwischen der operativen F\u00fchrung und des Eigneers in die zu f\u00fchrende Unternehmung mit ein.<br \/>\nHerr Stark bringt eine langj\u00e4hrige Erfahrung als Verwaltungsrat, Delegierter des Verwaltungsrates und Pr\u00e4sident des Verwaltungsrates mit. Seine breiten Kenntnisse in den Branchen der Industrie, der Informationstechnologie (IT), der Energie und in Non Profit Gesellschaften bringt er jeweils aktiv in ein Mandat mit ein.<br \/>\nHerr Stark wirkt dabei als Sparringpartner der operativen F\u00fchrung und unterst\u00fctzt diese in der strategischen Unternehmensentwicklung.<\/p>\n<p><strong>Charakter\/F\u00e4higkeiten:<\/strong><\/p>\n<ul>\n<li>grosse Sozialkompetenz<\/li>\n<li>hohe Loyalit\u00e4t und Wertvorstellungen<\/li>\n<li>sehr gute Kommunikationsf\u00e4higkeiten<\/li>\n<li>vision\u00e4res Denken<\/li>\n<li>kooperativer F\u00fchrungsstil<\/li>\n<li>grosse Teamf\u00e4higkeit<\/li>\n<\/ul>\n<p><strong>Kompetenzen:<\/strong><\/p>\n<ul>\n<li>Restrukturierungen, Turnaround<\/li>\n<li>strategischer Aufbau und Entwicklung<\/li>\n<li>Marketing und Verkauf<\/li>\n<\/ul>\n<p><strong>Erfahrungen:<\/strong><\/p>\n<ul>\n<li>Mandate als Delegierter des VR und Verwaltungsrat in der Softwareindustrie<\/li>\n<li>Mandat als Verwaltungsratspr\u00e4sident eines Handels- und Marketing Unternehmens&#8220;<\/li>\n<li>Mandat als Verwaltungsratspr\u00e4sident eines EVU<\/li>\n<li>Gesch\u00e4ftsf\u00fchrer von Software und NPO Unternehmen<\/li>\n<\/ul>\n<p>Nehmen Sie Kontakt auf: <strong><a href=\"https:\/\/akredo.ch\/wordpress\/contact\/\" title=\"Kontakt\">Kontakt<\/a><\/strong><\/p>\n<p>Lesen Sie mehr zu diesen Themen in unserem speziellen Blog: <a href=\"http:\/\/kmu-verwaltungsrat.blogspot.ch\/\" title=\"KMU Verwaltungsrat\" target=\"_blank\">KMU-Verwaltungsrat<\/a><\/p>\n","protected":false},"excerpt":{"rendered":"<p>Erfahrener Verwaltungsrat und ausgewiesene F\u00fchrungskraft \u00fcbernimmt ausgew\u00e4hlte Mandate. Die anspruchsvolle Aufgabe eines Verwaltungsrat, als strategisches Organ, Aufsichtsorgan und Gestaltungsorgan einer&hellip;<\/p>\n","protected":false},"author":1,"featured_media":0,"comment_status":"open","ping_status":"closed","sticky":false,"template":"","format":"standard","meta":{"footnotes":""},"categories":[6],"tags":[82,79,78,80,53,81,54],"yoast_head":"<!-- This site is optimized with the Yoast SEO plugin v22.7 - https:\/\/yoast.com\/wordpress\/plugins\/seo\/ -->\n<title>Verwaltungsrat - akredo<\/title>\n<meta name=\"description\" content=\"Erfahrener Verwaltungsrat und CEO \u00fcbernimmt ausgew\u00e4hlte Verwaltungsratsmandate. Branchenerfahrung in der Industrie, Informationstechnologie, Marketing, NPO\" \/>\n<meta name=\"robots\" content=\"index, follow, max-snippet:-1, max-image-preview:large, max-video-preview:-1\" \/>\n<link rel=\"canonical\" href=\"https:\/\/akredo.ch\/wordpress\/verwaltungsrat\/938\/\" \/>\n<meta property=\"og:locale\" content=\"de_DE\" \/>\n<meta property=\"og:type\" content=\"article\" \/>\n<meta property=\"og:title\" content=\"Verwaltungsrat - akredo\" \/>\n<meta property=\"og:description\" content=\"Erfahrener Verwaltungsrat und CEO \u00fcbernimmt ausgew\u00e4hlte Verwaltungsratsmandate. Branchenerfahrung in der Industrie, Informationstechnologie, Marketing, NPO\" \/>\n<meta property=\"og:url\" content=\"https:\/\/akredo.ch\/wordpress\/verwaltungsrat\/938\/\" \/>\n<meta property=\"og:site_name\" content=\"akredo\" \/>\n<meta property=\"article:publisher\" content=\"https:\/\/www.facebook.com\/starkpartner\/\" \/>\n<meta property=\"article:published_time\" content=\"2013-02-11T11:13:50+00:00\" \/>\n<meta property=\"article:modified_time\" content=\"2013-02-28T16:56:50+00:00\" \/>\n<meta name=\"author\" content=\"wp-akredo\" \/>\n<meta name=\"twitter:card\" content=\"summary_large_image\" \/>\n<meta name=\"twitter:creator\" content=\"@akredo\" \/>\n<meta name=\"twitter:site\" content=\"@stark_partner\" \/>\n<meta name=\"twitter:label1\" content=\"Verfasst von\" \/>\n\t<meta name=\"twitter:data1\" content=\"wp-akredo\" \/>\n\t<meta name=\"twitter:label2\" content=\"Gesch\u00e4tzte Lesezeit\" \/>\n\t<meta name=\"twitter:data2\" content=\"1\u00a0Minute\" \/>\n<script type=\"application\/ld+json\" class=\"yoast-schema-graph\">{\"@context\":\"https:\/\/schema.org\",\"@graph\":[{\"@type\":\"WebPage\",\"@id\":\"https:\/\/akredo.ch\/wordpress\/verwaltungsrat\/938\/\",\"url\":\"https:\/\/akredo.ch\/wordpress\/verwaltungsrat\/938\/\",\"name\":\"Verwaltungsrat - akredo\",\"isPartOf\":{\"@id\":\"https:\/\/akredo.ch\/wordpress\/#website\"},\"datePublished\":\"2013-02-11T11:13:50+00:00\",\"dateModified\":\"2013-02-28T16:56:50+00:00\",\"author\":{\"@id\":\"https:\/\/akredo.ch\/wordpress\/#\/schema\/person\/4ee878395d21a227afb040ed30b4eeb4\"},\"description\":\"Erfahrener Verwaltungsrat und CEO \u00fcbernimmt ausgew\u00e4hlte Verwaltungsratsmandate. Branchenerfahrung in der Industrie, Informationstechnologie, Marketing, NPO\",\"breadcrumb\":{\"@id\":\"https:\/\/akredo.ch\/wordpress\/verwaltungsrat\/938\/#breadcrumb\"},\"inLanguage\":\"de\",\"potentialAction\":[{\"@type\":\"ReadAction\",\"target\":[\"https:\/\/akredo.ch\/wordpress\/verwaltungsrat\/938\/\"]}]},{\"@type\":\"BreadcrumbList\",\"@id\":\"https:\/\/akredo.ch\/wordpress\/verwaltungsrat\/938\/#breadcrumb\",\"itemListElement\":[{\"@type\":\"ListItem\",\"position\":1,\"name\":\"Home\",\"item\":\"https:\/\/akredo.ch\/wordpress\/\"},{\"@type\":\"ListItem\",\"position\":2,\"name\":\"Verwaltungsrat\"}]},{\"@type\":\"WebSite\",\"@id\":\"https:\/\/akredo.ch\/wordpress\/#website\",\"url\":\"https:\/\/akredo.ch\/wordpress\/\",\"name\":\"akredo\",\"description\":\" Wir haben unsere Aktivit\u00e4ten in die Firma Stark Partner \u00fcbernommen. Wir posten aktuelle Beitr\u00e4ge auf dieser Webseite.\",\"potentialAction\":[{\"@type\":\"SearchAction\",\"target\":{\"@type\":\"EntryPoint\",\"urlTemplate\":\"https:\/\/akredo.ch\/wordpress\/?s={search_term_string}\"},\"query-input\":\"required name=search_term_string\"}],\"inLanguage\":\"de\"},{\"@type\":\"Person\",\"@id\":\"https:\/\/akredo.ch\/wordpress\/#\/schema\/person\/4ee878395d21a227afb040ed30b4eeb4\",\"name\":\"wp-akredo\",\"image\":{\"@type\":\"ImageObject\",\"inLanguage\":\"de\",\"@id\":\"https:\/\/akredo.ch\/wordpress\/#\/schema\/person\/image\/\",\"url\":\"https:\/\/secure.gravatar.com\/avatar\/ba58bfe6a554c7d60f64af54e9a3d606?s=96&d=mm&r=g\",\"contentUrl\":\"https:\/\/secure.gravatar.com\/avatar\/ba58bfe6a554c7d60f64af54e9a3d606?s=96&d=mm&r=g\",\"caption\":\"wp-akredo\"},\"sameAs\":[\"http:\/\/www.akredo.ch\",\"https:\/\/x.com\/akredo\"]}]}<\/script>\n<!-- \/ Yoast SEO plugin. -->","yoast_head_json":{"title":"Verwaltungsrat - akredo","description":"Erfahrener Verwaltungsrat und CEO \u00fcbernimmt ausgew\u00e4hlte Verwaltungsratsmandate. Branchenerfahrung in der Industrie, Informationstechnologie, Marketing, NPO","robots":{"index":"index","follow":"follow","max-snippet":"max-snippet:-1","max-image-preview":"max-image-preview:large","max-video-preview":"max-video-preview:-1"},"canonical":"https:\/\/akredo.ch\/wordpress\/verwaltungsrat\/938\/","og_locale":"de_DE","og_type":"article","og_title":"Verwaltungsrat - akredo","og_description":"Erfahrener Verwaltungsrat und CEO \u00fcbernimmt ausgew\u00e4hlte Verwaltungsratsmandate. Branchenerfahrung in der Industrie, Informationstechnologie, Marketing, NPO","og_url":"https:\/\/akredo.ch\/wordpress\/verwaltungsrat\/938\/","og_site_name":"akredo","article_publisher":"https:\/\/www.facebook.com\/starkpartner\/","article_published_time":"2013-02-11T11:13:50+00:00","article_modified_time":"2013-02-28T16:56:50+00:00","author":"wp-akredo","twitter_card":"summary_large_image","twitter_creator":"@akredo","twitter_site":"@stark_partner","twitter_misc":{"Verfasst von":"wp-akredo","Gesch\u00e4tzte Lesezeit":"1\u00a0Minute"},"schema":{"@context":"https:\/\/schema.org","@graph":[{"@type":"WebPage","@id":"https:\/\/akredo.ch\/wordpress\/verwaltungsrat\/938\/","url":"https:\/\/akredo.ch\/wordpress\/verwaltungsrat\/938\/","name":"Verwaltungsrat - akredo","isPartOf":{"@id":"https:\/\/akredo.ch\/wordpress\/#website"},"datePublished":"2013-02-11T11:13:50+00:00","dateModified":"2013-02-28T16:56:50+00:00","author":{"@id":"https:\/\/akredo.ch\/wordpress\/#\/schema\/person\/4ee878395d21a227afb040ed30b4eeb4"},"description":"Erfahrener Verwaltungsrat und CEO \u00fcbernimmt ausgew\u00e4hlte Verwaltungsratsmandate. Branchenerfahrung in der Industrie, Informationstechnologie, Marketing, NPO","breadcrumb":{"@id":"https:\/\/akredo.ch\/wordpress\/verwaltungsrat\/938\/#breadcrumb"},"inLanguage":"de","potentialAction":[{"@type":"ReadAction","target":["https:\/\/akredo.ch\/wordpress\/verwaltungsrat\/938\/"]}]},{"@type":"BreadcrumbList","@id":"https:\/\/akredo.ch\/wordpress\/verwaltungsrat\/938\/#breadcrumb","itemListElement":[{"@type":"ListItem","position":1,"name":"Home","item":"https:\/\/akredo.ch\/wordpress\/"},{"@type":"ListItem","position":2,"name":"Verwaltungsrat"}]},{"@type":"WebSite","@id":"https:\/\/akredo.ch\/wordpress\/#website","url":"https:\/\/akredo.ch\/wordpress\/","name":"akredo","description":" Wir haben unsere Aktivit\u00e4ten in die Firma Stark Partner \u00fcbernommen. Wir posten aktuelle Beitr\u00e4ge auf dieser Webseite.","potentialAction":[{"@type":"SearchAction","target":{"@type":"EntryPoint","urlTemplate":"https:\/\/akredo.ch\/wordpress\/?s={search_term_string}"},"query-input":"required name=search_term_string"}],"inLanguage":"de"},{"@type":"Person","@id":"https:\/\/akredo.ch\/wordpress\/#\/schema\/person\/4ee878395d21a227afb040ed30b4eeb4","name":"wp-akredo","image":{"@type":"ImageObject","inLanguage":"de","@id":"https:\/\/akredo.ch\/wordpress\/#\/schema\/person\/image\/","url":"https:\/\/secure.gravatar.com\/avatar\/ba58bfe6a554c7d60f64af54e9a3d606?s=96&d=mm&r=g","contentUrl":"https:\/\/secure.gravatar.com\/avatar\/ba58bfe6a554c7d60f64af54e9a3d606?s=96&d=mm&r=g","caption":"wp-akredo"},"sameAs":["http:\/\/www.akredo.ch","https:\/\/x.com\/akredo"]}]}},"_links":{"self":[{"href":"https:\/\/akredo.ch\/wordpress\/wp-json\/wp\/v2\/posts\/938"}],"collection":[{"href":"https:\/\/akredo.ch\/wordpress\/wp-json\/wp\/v2\/posts"}],"about":[{"href":"https:\/\/akredo.ch\/wordpress\/wp-json\/wp\/v2\/types\/post"}],"author":[{"embeddable":true,"href":"https:\/\/akredo.ch\/wordpress\/wp-json\/wp\/v2\/users\/1"}],"replies":[{"embeddable":true,"href":"https:\/\/akredo.ch\/wordpress\/wp-json\/wp\/v2\/comments?post=938"}],"version-history":[{"count":30,"href":"https:\/\/akredo.ch\/wordpress\/wp-json\/wp\/v2\/posts\/938\/revisions"}],"predecessor-version":[{"id":974,"href":"https:\/\/akredo.ch\/wordpress\/wp-json\/wp\/v2\/posts\/938\/revisions\/974"}],"wp:attachment":[{"href":"https:\/\/akredo.ch\/wordpress\/wp-json\/wp\/v2\/media?parent=938"}],"wp:term":[{"taxonomy":"category","embeddable":true,"href":"https:\/\/akredo.ch\/wordpress\/wp-json\/wp\/v2\/categories?post=938"},{"taxonomy":"post_tag","embeddable":true,"href":"https:\/\/akredo.ch\/wordpress\/wp-json\/wp\/v2\/tags?post=938"}],"curies":[{"name":"wp","href":"https:\/\/api.w.org\/{rel}","templated":true}]}}